{"id":660,"date":"2023-06-11T21:08:53","date_gmt":"2023-06-11T19:08:53","guid":{"rendered":"https:\/\/www.ader59.fr\/?p=660"},"modified":"2023-06-12T08:15:50","modified_gmt":"2023-06-12T06:15:50","slug":"conference-nationale-du-handicap-2023","status":"publish","type":"post","link":"https:\/\/www.ader59.fr\/index.php\/2023\/06\/11\/conference-nationale-du-handicap-2023\/","title":{"rendered":"Conf\u00e9rence Nationale du Handicap 2023"},"content":{"rendered":"\n<p>La 26 avril dernier a eu la Conf\u00e9rence Nationale du Handicap. Elle fait suite \u00e0 un rapport de l&rsquo;Inspection G\u00e9n\u00e9rale qui avait d\u00e9j\u00e0 \u00e9voqu\u00e9 une modification des PIAL , du  statut des AESH et du r\u00f4le des Enseignants r\u00e9f\u00e9rents.<\/p>\n\n\n\n<p>Sur le fond, on remarquera que l&rsquo;esprit \u00e9galit\u00e9 des chances et impartialit\u00e9 ordonnateur \/ payeur est mis de c\u00f4t\u00e9 puisqu&rsquo;il est pr\u00e9vu que l&rsquo;Education Nationale d\u00e9termine la quotit\u00e9 horaire d&rsquo;accompagnement humain n\u00e9cessaire aux \u00e9l\u00e8ves.<\/p>\n\n\n\n<p>De nombreux coll\u00e8gues se sont interrog\u00e9s, inqui\u00e9t\u00e9s sur le devenir des ERSEH. Notre mission risque d&rsquo;\u00e9voluer&#8230;<\/p>\n\n\n\n<p class=\"has-text-align-center has-medium-font-size\"><strong>Synth\u00e8se des conclusions de la CNH par le SNUIPP<\/strong><\/p>\n\n\n\n<p>Le SNUIP dresse une synth\u00e8se tr\u00e8s int\u00e9ressante <\/p>\n\n\n\n<div class=\"wp-block-file\"><a href=\"https:\/\/www.ader59.fr\/wp-content\/uploads\/2023\/06\/Article-CNH-Snuipp.pdf\">Article-CNH-Snuipp<\/a><a href=\"https:\/\/www.ader59.fr\/wp-content\/uploads\/2023\/06\/Article-CNH-Snuipp.pdf\" class=\"wp-block-file__button\" download>T\u00e9l\u00e9charger<\/a><\/div>\n\n\n\n<p class=\"has-text-align-center has-medium-font-size\"><strong>Liste des 12 propositions du CNH <\/strong><\/p>\n\n\n\n<div class=\"wp-block-image\"><figure class=\"aligncenter size-large\"><img loading=\"lazy\" decoding=\"async\" width=\"709\" height=\"1024\" src=\"https:\/\/www.ader59.fr\/wp-content\/uploads\/2023\/06\/CNH-2023-1-709x1024.png\" alt=\"\" class=\"wp-image-668\" srcset=\"https:\/\/www.ader59.fr\/wp-content\/uploads\/2023\/06\/CNH-2023-1-709x1024.png 709w, https:\/\/www.ader59.fr\/wp-content\/uploads\/2023\/06\/CNH-2023-1-208x300.png 208w, https:\/\/www.ader59.fr\/wp-content\/uploads\/2023\/06\/CNH-2023-1-768x1109.png 768w, https:\/\/www.ader59.fr\/wp-content\/uploads\/2023\/06\/CNH-2023-1-450x650.png 450w, https:\/\/www.ader59.fr\/wp-content\/uploads\/2023\/06\/CNH-2023-1-346x500.png 346w, https:\/\/www.ader59.fr\/wp-content\/uploads\/2023\/06\/CNH-2023-1.png 778w\" sizes=\"(max-width: 709px) 94vw, 709px\" \/><\/figure><\/div>\n\n\n\n<p class=\"has-text-align-center has-medium-font-size\"><strong>Dossier de presse de la Conf\u00e9rence Nationale du Handicap<\/strong><\/p>\n\n\n\n<div class=\"wp-block-file\"><a href=\"https:\/\/www.ader59.fr\/wp-content\/uploads\/2023\/06\/DP-CNH-26-avril-2023.pdf\">DP-CNH-26-avril-2023<\/a><a href=\"https:\/\/www.ader59.fr\/wp-content\/uploads\/2023\/06\/DP-CNH-26-avril-2023.pdf\" class=\"wp-block-file__button\" download>T\u00e9l\u00e9charger<\/a><\/div>\n\n\n\n<p class=\"has-text-align-center has-medium-font-size\"><strong>Rapport de l&rsquo;Inspection G\u00e9n\u00e9rale sur la Scolarisation des enfants en situation de handicap<\/strong><\/p>\n\n\n\n<p>Il y est notamment pr\u00e9conis\u00e9e que l&rsquo;ERSEH donne son avis sur les premi\u00e8res demandes d&rsquo;aide humaine avant transmission aux MDPH<\/p>\n\n\n\n<div class=\"wp-block-file\"><a href=\"https:\/\/www.ader59.fr\/wp-content\/uploads\/2023\/06\/igesr-igf-rapport-2022-062-scolarisation-enfants-situation-handicap-pdf-119563-1.pdf\">igesr-igf-rapport-2022-062-scolarisation-enfants-situation-handicap-pdf-119563-1<\/a><a href=\"https:\/\/www.ader59.fr\/wp-content\/uploads\/2023\/06\/igesr-igf-rapport-2022-062-scolarisation-enfants-situation-handicap-pdf-119563-1.pdf\" class=\"wp-block-file__button\" download>T\u00e9l\u00e9charger<\/a><\/div>\n\n\n\n<p><\/p>\n","protected":false},"excerpt":{"rendered":"<p>La 26 avril dernier a eu la Conf\u00e9rence Nationale du Handicap. Elle fait suite \u00e0 un rapport de [&hellip;]<\/p>\n","protected":false},"author":1,"featured_media":0,"comment_status":"open","ping_status":"open","sticky":false,"template":"","format":"standard","meta":{"_bbp_topic_count":0,"_bbp_reply_count":0,"_bbp_total_topic_count":0,"_bbp_total_reply_count":0,"_bbp_voice_count":0,"_bbp_anonymous_reply_count":0,"_bbp_topic_count_hidden":0,"_bbp_reply_count_hidden":0,"_bbp_forum_subforum_count":0,"footnotes":""},"categories":[1],"tags":[],"_links":{"self":[{"href":"https:\/\/www.ader59.fr\/index.php\/wp-json\/wp\/v2\/posts\/660"}],"collection":[{"href":"https:\/\/www.ader59.fr\/index.php\/wp-json\/wp\/v2\/posts"}],"about":[{"href":"https:\/\/www.ader59.fr\/index.php\/wp-json\/wp\/v2\/types\/post"}],"author":[{"embeddable":true,"href":"https:\/\/www.ader59.fr\/index.php\/wp-json\/wp\/v2\/users\/1"}],"replies":[{"embeddable":true,"href":"https:\/\/www.ader59.fr\/index.php\/wp-json\/wp\/v2\/comments?post=660"}],"version-history":[{"count":2,"href":"https:\/\/www.ader59.fr\/index.php\/wp-json\/wp\/v2\/posts\/660\/revisions"}],"predecessor-version":[{"id":669,"href":"https:\/\/www.ader59.fr\/index.php\/wp-json\/wp\/v2\/posts\/660\/revisions\/669"}],"wp:attachment":[{"href":"https:\/\/www.ader59.fr\/index.php\/wp-json\/wp\/v2\/media?parent=660"}],"wp:term":[{"taxonomy":"category","embeddable":true,"href":"https:\/\/www.ader59.fr\/index.php\/wp-json\/wp\/v2\/categories?post=660"},{"taxonomy":"post_tag","embeddable":true,"href":"https:\/\/www.ader59.fr\/index.php\/wp-json\/wp\/v2\/tags?post=660"}],"curies":[{"name":"wp","href":"https:\/\/api.w.org\/{rel}","templated":true}]}}