{"id":637,"date":"2023-05-02T21:31:09","date_gmt":"2023-05-02T19:31:09","guid":{"rendered":"https:\/\/www.ader59.fr\/?p=637"},"modified":"2023-06-12T08:33:22","modified_gmt":"2023-06-12T06:33:22","slug":"aide-a-lorientation","status":"publish","type":"post","link":"https:\/\/www.ader59.fr\/index.php\/2023\/05\/02\/aide-a-lorientation\/","title":{"rendered":"Aide \u00e0 l&rsquo;orientation"},"content":{"rendered":"\n<div class=\"wp-block-image\"><figure class=\"aligncenter size-large is-resized\"><img loading=\"lazy\" decoding=\"async\" src=\"https:\/\/www.ader59.fr\/wp-content\/uploads\/2023\/06\/Parcours-orientation-1-1024x688.png\" alt=\"\" class=\"wp-image-721\" width=\"1038\" height=\"697\" srcset=\"https:\/\/www.ader59.fr\/wp-content\/uploads\/2023\/06\/Parcours-orientation-1-1024x688.png 1024w, https:\/\/www.ader59.fr\/wp-content\/uploads\/2023\/06\/Parcours-orientation-1-300x202.png 300w, https:\/\/www.ader59.fr\/wp-content\/uploads\/2023\/06\/Parcours-orientation-1-768x516.png 768w, https:\/\/www.ader59.fr\/wp-content\/uploads\/2023\/06\/Parcours-orientation-1-450x303.png 450w, https:\/\/www.ader59.fr\/wp-content\/uploads\/2023\/06\/Parcours-orientation-1-850x571.png 850w, https:\/\/www.ader59.fr\/wp-content\/uploads\/2023\/06\/Parcours-orientation-1-744x500.png 744w, https:\/\/www.ader59.fr\/wp-content\/uploads\/2023\/06\/Parcours-orientation-1.png 1074w\" sizes=\"(max-width: 739px) 94vw, (max-width: 969px) 88vw, (max-width: 1199px) 860px, 850px\" \/><\/figure><\/div>\n\n\n\n<div class=\"wp-block-image\"><figure class=\"aligncenter size-large is-resized\"><img loading=\"lazy\" decoding=\"async\" src=\"https:\/\/www.ader59.fr\/wp-content\/uploads\/2023\/06\/Capture-decran-2023-06-11-230122.png\" alt=\"\" class=\"wp-image-720\" width=\"971\" height=\"620\" srcset=\"https:\/\/www.ader59.fr\/wp-content\/uploads\/2023\/06\/Capture-decran-2023-06-11-230122.png 714w, https:\/\/www.ader59.fr\/wp-content\/uploads\/2023\/06\/Capture-decran-2023-06-11-230122-300x192.png 300w, https:\/\/www.ader59.fr\/wp-content\/uploads\/2023\/06\/Capture-decran-2023-06-11-230122-450x287.png 450w\" sizes=\"(max-width: 739px) 94vw, (max-width: 969px) 88vw, (max-width: 1199px) 860px, 850px\" \/><\/figure><\/div>\n\n\n\n<p class=\"has-text-align-center has-medium-font-size\"><strong><span class=\"has-inline-color has-vivid-cyan-blue-color\">LISTE DES ULIS \u2013 \u00e9cole &amp; coll\u00e8ge<\/span><\/strong><\/p>\n\n\n\n<p class=\"has-text-align-center\"><a href=\"https:\/\/annuaire.action-sociale.org\/CLIS,ULIS\/Annuaire.html\">https:\/\/annuaire.action-sociale.org\/CLIS,ULIS\/Annuaire.html<\/a><\/p>\n\n\n\n<p class=\"has-text-align-center has-medium-font-size\"><strong><span class=\"has-inline-color has-vivid-cyan-blue-color\">LISTE DES \u00c9TABLISSEMENTS M\u00c9DICO-SOCIAUX<\/span><\/strong><\/p>\n\n\n\n<p class=\"has-text-align-center\"><a href=\"https:\/\/trajectoire.sante-ra.fr\/Handicap\/Accueil\">https:\/\/trajectoire.sante-ra.fr\/Handicap\/Accueil<\/a><\/p>\n\n\n\n<h2 class=\"wp-block-heading\">Apprentissage en situation de handicap<\/h2>\n\n\n\n<p>L&rsquo;acc\u00e8s aux formations par apprentissage n\u00e9cessite d&rsquo;effectuer des d\u00e9marches personnelles pour trouver un employeur.<\/p>\n\n\n\n<p>Le contrat d&rsquo;apprentissage peut \u00eatre conclu \u00e0 partir de l&rsquo;\u00e2ge 15 ans si le jeune a accompli la scolarit\u00e9 du coll\u00e8ge. La limite d&rsquo;\u00e2ge de 25 ans pour entrer en apprentissage ne s&rsquo;applique pas aux jeunes en situation de handicap.<\/p>\n\n\n\n<p>Le contrat de travail de l&rsquo;apprenti peut comprendre des sp\u00e9cificit\u00e9s relatives aux am\u00e9nagements des conditions de formation, \u00e0 la dur\u00e9e du contrat, \u00e0 la succession de contrats d&rsquo;apprentissage, aux obligations de l&#8217;employeur en mati\u00e8re de formation et \u00e0 la dur\u00e9e de travail dans l&rsquo;entreprise.<\/p>\n\n\n\n<p>L&#8217;employeur et l&rsquo;apprenti peuvent b\u00e9n\u00e9ficier des aides et services de l&rsquo;Association de gestion du fonds pour l&rsquo;insertion des personnes handicap\u00e9es (AGEFIPH) ou du Fonds pour l&rsquo;insertion des personnes handicap\u00e9es dans la fonction publique (FIPHFP) destin\u00e9s \u00e0 faciliter l&rsquo;acc\u00e8s aux contrats d&rsquo;apprentissage tant \u00e0 la signature du contrat qu&rsquo;\u00e0 son issue.<\/p>\n\n\n\n<h2 class=\"wp-block-heading\">La reconnaissance de la qualit\u00e9 de travailleur handicap\u00e9 (RQTH)<\/h2>\n\n\n\n<p>La reconnaissance de la qualit\u00e9 de travailleur handicap\u00e9 (RQTH) peut \u00eatre attribu\u00e9e \u00e0 toute personne, \u00e2g\u00e9e de 16 ans ou plus, exer\u00e7ant ou souhaitant exercer une activit\u00e9 professionnelle, et dont les capacit\u00e9s physiques ou mentales sont diminu\u00e9es par un handicap.<\/p>\n\n\n\n<p><\/p>\n\n\n\n<p><\/p>\n\n\n\n<p><\/p>\n\n\n\n<div class=\"wp-block-file\"><a href=\"https:\/\/www.ader59.fr\/wp-content\/uploads\/2023\/05\/Plaquette-CROH-2022-2023.pdf\">Plaquette-CROH-2022-2023<\/a><a href=\"https:\/\/www.ader59.fr\/wp-content\/uploads\/2023\/05\/Plaquette-CROH-2022-2023.pdf\" class=\"wp-block-file__button\" download>T\u00e9l\u00e9charger<\/a><\/div>\n\n\n\n<div class=\"wp-block-file\"><a href=\"https:\/\/www.ader59.fr\/wp-content\/uploads\/2023\/05\/4-GUIDE-TECHNIQUE-post-3eme-Affectation-en-LP-des-eleves-en-situation-d...e-2023-5.doc\">4-GUIDE-TECHNIQUE-post-3eme-Affectation-en-LP-des-eleves-en-situation-d&#8230;e-2023-5<\/a><a href=\"https:\/\/www.ader59.fr\/wp-content\/uploads\/2023\/05\/4-GUIDE-TECHNIQUE-post-3eme-Affectation-en-LP-des-eleves-en-situation-d...e-2023-5.doc\" class=\"wp-block-file__button\" download>T\u00e9l\u00e9charger<\/a><\/div>\n\n\n\n<div class=\"wp-block-file\"><a href=\"https:\/\/www.ader59.fr\/wp-content\/uploads\/2023\/05\/situations-particulieres-2023-1.pdf\">situations-particuli\u00e8res-2023<\/a><a href=\"https:\/\/www.ader59.fr\/wp-content\/uploads\/2023\/05\/situations-particulieres-2023-1.pdf\" class=\"wp-block-file__button\" download>T\u00e9l\u00e9charger<\/a><\/div>\n\n\n\n<div class=\"wp-block-file\"><a href=\"https:\/\/www.ader59.fr\/wp-content\/uploads\/2023\/05\/Presentation-Prepa-Webinaire.pdf\">Presentation-Prepa-Webinaire<\/a><a href=\"https:\/\/www.ader59.fr\/wp-content\/uploads\/2023\/05\/Presentation-Prepa-Webinaire.pdf\" class=\"wp-block-file__button\" download>T\u00e9l\u00e9charger<\/a><\/div>\n\n\n\n<p><\/p>\n","protected":false},"excerpt":{"rendered":"<p>LISTE DES ULIS \u2013 \u00e9cole &amp; coll\u00e8ge https:\/\/annuaire.action-sociale.org\/CLIS,ULIS\/Annuaire.html LISTE DES \u00c9TABLISSEMENTS M\u00c9DICO-SOCIAUX https:\/\/trajectoire.sante-ra.fr\/Handicap\/Accueil Apprentissage en situation de handicap [&hellip;]<\/p>\n","protected":false},"author":1,"featured_media":0,"comment_status":"open","ping_status":"open","sticky":false,"template":"","format":"standard","meta":{"_bbp_topic_count":0,"_bbp_reply_count":0,"_bbp_total_topic_count":0,"_bbp_total_reply_count":0,"_bbp_voice_count":0,"_bbp_anonymous_reply_count":0,"_bbp_topic_count_hidden":0,"_bbp_reply_count_hidden":0,"_bbp_forum_subforum_count":0,"footnotes":""},"categories":[1],"tags":[],"_links":{"self":[{"href":"https:\/\/www.ader59.fr\/index.php\/wp-json\/wp\/v2\/posts\/637"}],"collection":[{"href":"https:\/\/www.ader59.fr\/index.php\/wp-json\/wp\/v2\/posts"}],"about":[{"href":"https:\/\/www.ader59.fr\/index.php\/wp-json\/wp\/v2\/types\/post"}],"author":[{"embeddable":true,"href":"https:\/\/www.ader59.fr\/index.php\/wp-json\/wp\/v2\/users\/1"}],"replies":[{"embeddable":true,"href":"https:\/\/www.ader59.fr\/index.php\/wp-json\/wp\/v2\/comments?post=637"}],"version-history":[{"count":2,"href":"https:\/\/www.ader59.fr\/index.php\/wp-json\/wp\/v2\/posts\/637\/revisions"}],"predecessor-version":[{"id":722,"href":"https:\/\/www.ader59.fr\/index.php\/wp-json\/wp\/v2\/posts\/637\/revisions\/722"}],"wp:attachment":[{"href":"https:\/\/www.ader59.fr\/index.php\/wp-json\/wp\/v2\/media?parent=637"}],"wp:term":[{"taxonomy":"category","embeddable":true,"href":"https:\/\/www.ader59.fr\/index.php\/wp-json\/wp\/v2\/categories?post=637"},{"taxonomy":"post_tag","embeddable":true,"href":"https:\/\/www.ader59.fr\/index.php\/wp-json\/wp\/v2\/tags?post=637"}],"curies":[{"name":"wp","href":"https:\/\/api.w.org\/{rel}","templated":true}]}}