{"id":560,"date":"2021-06-27T17:30:10","date_gmt":"2021-06-27T15:30:10","guid":{"rendered":"http:\/\/www.ader59.fr\/?p=560"},"modified":"2021-09-13T21:36:09","modified_gmt":"2021-09-13T19:36:09","slug":"audition-de-lader-59-dans-le-cadre-dune-commission-denquete-parlementaire","status":"publish","type":"post","link":"https:\/\/www.ader59.fr\/index.php\/2021\/06\/27\/audition-de-lader-59-dans-le-cadre-dune-commission-denquete-parlementaire\/","title":{"rendered":"Audition de l&rsquo;ADER 59 dans le cadre d&rsquo;une Commission d&rsquo;Enqu\u00eate Parlementaire"},"content":{"rendered":"\n<p>Le 27 mai dernier, trois repr\u00e9sentants de l&rsquo;ADER 59 ont \u00e9t\u00e9 auditionn\u00e9s par Madame Jacqueline Dubois, dans le cadre d&rsquo;une enqu\u00eate sur le suivi de la mise en \u0153uvre des conclusions de la commission d&rsquo;enqu\u00eate \u00a0\u00bb inclusion des \u00e9l\u00e8ves handicap\u00e9s&#8230;      14 ans apr\u00e8s  la loi du 11 f\u00e9vrier 2005&Prime;<\/p>\n\n\n\n<p>En pr\u00e9paration de cet entretien, 20 questions nous avaient \u00e9t\u00e9 adress\u00e9es en amont ( relatives \u00e0 la prise en compte des \u00e9l\u00e8ves en situation de handicap en milieu ordinaire, la mise en place et le fonctionnement des PIAL, la formation, l&rsquo;association des familles et les conditions de travail des ER).<\/p>\n\n\n\n<p>C&rsquo;est \u00e0 cette occasion que notre association a lanc\u00e9 un sondage aupr\u00e8s des enseignants r\u00e9f\u00e9rents du Nord mais \u00e9galement dans d&rsquo;autres d\u00e9partements. ( il nous semblait important de comparer notre d\u00e9partement \u00e0 d&rsquo;autres)<\/p>\n\n\n\n<p>Nous remercions vivement l&rsquo;ensemble des coll\u00e8gues qui ont r\u00e9pondu  \u00e0 ces sondages dans un laps de temps tr\u00e8s court.<\/p>\n\n\n\n<p>Les synth\u00e8ses des deux enqu\u00eates vont sont pr\u00e9sent\u00e9es ci-dessous:<\/p>\n\n\n\n<div class=\"wp-block-file\"><a href=\"https:\/\/www.ader59.fr\/wp-content\/uploads\/2021\/06\/Enquete-ADER59-Departement-du-Nord-mai-2021.pdf\">Enquete-ADER59-Departement-du-Nord-mai-2021<\/a><a href=\"https:\/\/www.ader59.fr\/wp-content\/uploads\/2021\/06\/Enquete-ADER59-Departement-du-Nord-mai-2021.pdf\" class=\"wp-block-file__button\" download>T\u00e9l\u00e9charger<\/a><\/div>\n\n\n\n<div class=\"wp-block-file\"><a href=\"https:\/\/www.ader59.fr\/wp-content\/uploads\/2021\/06\/Sondage-ADER59-autres-departements-mai-2021.pdf\">Sondage-ADER59-autres-departements-mai-2021<\/a><a href=\"https:\/\/www.ader59.fr\/wp-content\/uploads\/2021\/06\/Sondage-ADER59-autres-departements-mai-2021.pdf\" class=\"wp-block-file__button\" download>T\u00e9l\u00e9charger<\/a><\/div>\n\n\n\n<p><\/p>\n\n\n\n<p>Nous avons \u00e9t\u00e9 agr\u00e9ablement surpris par la qualit\u00e9 de l&rsquo;\u00e9coute et l&rsquo;entretien avec Madame Dubois, qui visiblement connaissait tr\u00e8s bien le sujet.  Nous remercions Madame Dubois et Madame Augu pour cette sollicitation.<\/p>\n\n\n\n<p>Le 23 juin dernier, Madame Dubois a pr\u00e9sent\u00e9 ses conclusions \u00e0 l&rsquo;Assembl\u00e9e Nationale et estime que 80% des recommandations sont r\u00e9alis\u00e9es ou en cours.  ( l&rsquo;int\u00e9gralit\u00e9 de la vid\u00e9o est disponible via le lien ci-dessous)<\/p>\n\n\n\n<p><a href=\"https:\/\/videos.assemblee-nationale.fr\/video.10973518_60d2e0ae00123.commission-des-affaires-culturelles--inclusion-des-eleves-handicapes-dans-l-ecole-et-l-universite-d-23-juin-2021?timecode=863000\">https:\/\/videos.assemblee-nationale.fr\/video.10973518_60d2e0ae00123.commission-des-affaires-culturelles&#8211;inclusion-des-eleves-handicapes-dans-l-ecole-et-l-universite-d-23-juin-2021?timecode=863000<\/a><\/p>\n\n\n\n<div class=\"wp-block-file\"><a href=\"https:\/\/www.ader59.fr\/wp-content\/uploads\/2021\/09\/Rapport-information-N\u00b0-4274-sur-la-mise-en-oeuvre-des-recommandations-de-la-commission-denquete-sur-linclusion.pdf\">Rapport-information-N\u00b0-4274-sur-la-mise-en-oeuvre-des-recommandations-de-la-commission-denquete-sur-linclusion<\/a><a href=\"https:\/\/www.ader59.fr\/wp-content\/uploads\/2021\/09\/Rapport-information-N\u00b0-4274-sur-la-mise-en-oeuvre-des-recommandations-de-la-commission-denquete-sur-linclusion.pdf\" class=\"wp-block-file__button\" download>T\u00e9l\u00e9charger<\/a><\/div>\n\n\n\n<p><\/p>\n\n\n\n<p>Dans son article du 24 juin, le caf\u00e9 p\u00e9dagogique dresse un bilan plus mititg\u00e9&#8230;<\/p>\n\n\n\n<p><a href=\"http:\/\/www.cafepedagogique.net\/lexpresso\/Pages\/2021\/06\/24062021Article637601117032714858.aspx\">http:\/\/www.cafepedagogique.net\/lexpresso\/Pages\/2021\/06\/24062021Article637601117032714858.aspx<\/a><\/p>\n\n\n\n<p><\/p>\n\n\n\n<p><\/p>\n\n\n\n<p>Vous pourrez trouver ci-dessous l&rsquo;int\u00e9gralit\u00e9 du rapport d&rsquo;enqu\u00eate parlementaire du 18 juillet2019<\/p>\n\n\n\n<div class=\"wp-block-file\"><a href=\"https:\/\/www.ader59.fr\/wp-content\/uploads\/2021\/06\/l15b2178_rapport-enquete.pdf\">l15b2178_rapport-enquete<\/a><a href=\"https:\/\/www.ader59.fr\/wp-content\/uploads\/2021\/06\/l15b2178_rapport-enquete.pdf\" class=\"wp-block-file__button\" download>T\u00e9l\u00e9charger<\/a><\/div>\n\n\n\n<p>et un article int\u00e9ressant de Jean-Yves Le Capitaine sur le site de Daniel Calin<\/p>\n\n\n\n<p><a href=\"http:\/\/dcalin.fr\/publications\/le_capitaine22.html\">http:\/\/dcalin.fr\/publications\/le_capitaine22.html<\/a><\/p>\n\n\n\n<p><\/p>\n","protected":false},"excerpt":{"rendered":"<p>Le 27 mai dernier, trois repr\u00e9sentants de l&rsquo;ADER 59 ont \u00e9t\u00e9 auditionn\u00e9s par Madame Jacqueline Dubois, dans le [&hellip;]<\/p>\n","protected":false},"author":1,"featured_media":0,"comment_status":"open","ping_status":"open","sticky":false,"template":"","format":"standard","meta":{"_bbp_topic_count":0,"_bbp_reply_count":0,"_bbp_total_topic_count":0,"_bbp_total_reply_count":0,"_bbp_voice_count":0,"_bbp_anonymous_reply_count":0,"_bbp_topic_count_hidden":0,"_bbp_reply_count_hidden":0,"_bbp_forum_subforum_count":0,"footnotes":""},"categories":[1],"tags":[],"_links":{"self":[{"href":"https:\/\/www.ader59.fr\/index.php\/wp-json\/wp\/v2\/posts\/560"}],"collection":[{"href":"https:\/\/www.ader59.fr\/index.php\/wp-json\/wp\/v2\/posts"}],"about":[{"href":"https:\/\/www.ader59.fr\/index.php\/wp-json\/wp\/v2\/types\/post"}],"author":[{"embeddable":true,"href":"https:\/\/www.ader59.fr\/index.php\/wp-json\/wp\/v2\/users\/1"}],"replies":[{"embeddable":true,"href":"https:\/\/www.ader59.fr\/index.php\/wp-json\/wp\/v2\/comments?post=560"}],"version-history":[{"count":2,"href":"https:\/\/www.ader59.fr\/index.php\/wp-json\/wp\/v2\/posts\/560\/revisions"}],"predecessor-version":[{"id":574,"href":"https:\/\/www.ader59.fr\/index.php\/wp-json\/wp\/v2\/posts\/560\/revisions\/574"}],"wp:attachment":[{"href":"https:\/\/www.ader59.fr\/index.php\/wp-json\/wp\/v2\/media?parent=560"}],"wp:term":[{"taxonomy":"category","embeddable":true,"href":"https:\/\/www.ader59.fr\/index.php\/wp-json\/wp\/v2\/categories?post=560"},{"taxonomy":"post_tag","embeddable":true,"href":"https:\/\/www.ader59.fr\/index.php\/wp-json\/wp\/v2\/tags?post=560"}],"curies":[{"name":"wp","href":"https:\/\/api.w.org\/{rel}","templated":true}]}}